{"id":1,"date":"2016-02-01T03:48:21","date_gmt":"2016-02-01T03:48:21","guid":{"rendered":"http:\/\/wp452m.a10-52-158-154.qa.plesk.ru\/wordpress\/?p=1"},"modified":"2017-02-15T17:46:01","modified_gmt":"2017-02-15T17:46:01","slug":"hello-world","status":"publish","type":"post","link":"https:\/\/www.sylvie-progin.ch\/?p=1","title":{"rendered":"RIE III : pas sur notre dos"},"content":{"rendered":"<p>(lettre parue dans le 24 Heures du 6 f\u00e9vrier 2017)<\/p>\n<p><em>La r\u00e9forme de l\u2019imposition des entreprises, un sujet compliqu\u00e9, technique, et comme d\u2019habitude\u00a0 on nous joue la carte \u00e9motionnelle en nous pr\u00e9disant \u00ab\u00a0si vous n\u2019acceptez pas, ce sera pire\u2026\u00a0\u00bb. Le Conseiller f\u00e9d\u00e9ral Ueli Maurer a d\u00e9j\u00e0 menac\u00e9 de lancer un programme d\u2019\u00e9conomie de plusieurs milliards si le non l\u2019emporte.<\/em><\/p>\n<p><em>\u00a0<\/em><em>Donc on veut nous faire croire que si nous nous n\u2019acceptons pas d\u2019octroyer des cadeaux fiscaux aux multinationales, et que nous imposions toutes les entreprises de la m\u00eame mani\u00e8re, lesdites multinationales vont quitter notre pays, et lui faire perdre des milliards de francs et des milliers d\u2019emplois. <\/em><!--more--><\/p>\n<p><em>Mais si ces entreprises se sont implant\u00e9es chez nous, n\u2019est-ce pas plut\u00f4t pour la stabilit\u00e9 \u00e9conomique et sociale de notre pays\u00a0? Pour la qualit\u00e9 de sa main d\u2019\u0153uvre, bien form\u00e9e et productive, pour toutes les ressources qui sont inject\u00e9es dans la recherche et l\u2019innovation, pour ses infrastructures\u00a0? En r\u00e9sum\u00e9, vont-elles vraiment prendre le risque de s\u2019en aller pour \u00e9conomiser quelques pourcents d\u2019imp\u00f4t sur leur b\u00e9n\u00e9fice\u00a0? Il me semble par ailleurs normal qu\u2019elle contribue par leurs imp\u00f4ts \u00e0 ce dont elles peuvent b\u00e9n\u00e9ficier.<\/em><\/p>\n<p><em>\u00a0<\/em><em>Souvenons-nous de la RIE II\u00a0: <\/em><em>le Conseil f\u00e9d\u00e9ral nous avait promis que la perte serait l\u00e9g\u00e8re, environ 900 millions, mais au final c\u2019est plus de 10 milliards qui ont disparu des caisses des collectivit\u00e9s publiques. Et on nous parle maintenant d\u2019une r\u00e9vision qui devrait co\u00fbter 3 milliards en th\u00e9orie\u2026 Et combien \u00e0 terme\u00a0? Des milliards qui vont devoir encore une fois \u00eatre pay\u00e9 par la classe moyenne\u00a0: augmentation des taxes et des imp\u00f4ts, \u00e9conomies dans le domaine social et de la formation, etc.<\/em><\/p>\n<p><em>\u00a0<\/em><em>Une r\u00e9forme doit \u00eatre entreprise, l\u00e0 dessus tout le monde est d\u2019accord. Mais cela ne doit pas se faire sur notre dos.<\/em><\/p>\n","protected":false},"excerpt":{"rendered":"<p>(lettre parue dans le 24 Heures du 6 f\u00e9vrier 2017) La r\u00e9forme de l\u2019imposition des entreprises, un sujet compliqu\u00e9, technique, et comme d\u2019habitude\u00a0 on nous joue la carte \u00e9motionnelle en nous pr\u00e9disant \u00ab\u00a0si vous n\u2019acceptez pas, ce sera pire\u2026\u00a0\u00bb. Le Conseiller f\u00e9d\u00e9ral Ueli Maurer a d\u00e9j\u00e0 menac\u00e9 de lancer un programme d\u2019\u00e9conomie de plusieurs milliards [&hellip;]<\/p>\n","protected":false},"author":1,"featured_media":101,"comment_status":"open","ping_status":"closed","sticky":false,"template":"","format":"standard","meta":[],"categories":[1],"tags":[],"_links":{"self":[{"href":"https:\/\/www.sylvie-progin.ch\/index.php?rest_route=\/wp\/v2\/posts\/1"}],"collection":[{"href":"https:\/\/www.sylvie-progin.ch\/index.php?rest_route=\/wp\/v2\/posts"}],"about":[{"href":"https:\/\/www.sylvie-progin.ch\/index.php?rest_route=\/wp\/v2\/types\/post"}],"author":[{"embeddable":true,"href":"https:\/\/www.sylvie-progin.ch\/index.php?rest_route=\/wp\/v2\/users\/1"}],"replies":[{"embeddable":true,"href":"https:\/\/www.sylvie-progin.ch\/index.php?rest_route=%2Fwp%2Fv2%2Fcomments&post=1"}],"version-history":[{"count":7,"href":"https:\/\/www.sylvie-progin.ch\/index.php?rest_route=\/wp\/v2\/posts\/1\/revisions"}],"predecessor-version":[{"id":274,"href":"https:\/\/www.sylvie-progin.ch\/index.php?rest_route=\/wp\/v2\/posts\/1\/revisions\/274"}],"wp:featuredmedia":[{"embeddable":true,"href":"https:\/\/www.sylvie-progin.ch\/index.php?rest_route=\/wp\/v2\/media\/101"}],"wp:attachment":[{"href":"https:\/\/www.sylvie-progin.ch\/index.php?rest_route=%2Fwp%2Fv2%2Fmedia&parent=1"}],"wp:term":[{"taxonomy":"category","embeddable":true,"href":"https:\/\/www.sylvie-progin.ch\/index.php?rest_route=%2Fwp%2Fv2%2Fcategories&post=1"},{"taxonomy":"post_tag","embeddable":true,"href":"https:\/\/www.sylvie-progin.ch\/index.php?rest_route=%2Fwp%2Fv2%2Ftags&post=1"}],"curies":[{"name":"wp","href":"https:\/\/api.w.org\/{rel}","templated":true}]}}