{"id":171,"date":"2017-02-03T14:29:07","date_gmt":"2017-02-03T14:29:07","guid":{"rendered":"http:\/\/www.sylvie-progin.ch\/?p=171"},"modified":"2017-04-03T11:34:46","modified_gmt":"2017-04-03T11:34:46","slug":"formation","status":"publish","type":"post","link":"https:\/\/www.sylvie-progin.ch\/?p=171","title":{"rendered":"Conditions d&rsquo;acc\u00e8s \u00e0 la formation"},"content":{"rendered":"<p>Le canton de Vaud a r\u00e9alis\u00e9 un effort important pour les familles durant cette derni\u00e8re l\u00e9gislature : augmentation de son financement pour l&rsquo;accueil de jour des enfants, progression des allocations familiales pour les enfants et les jeunes en formation, etc.<\/p>\n<p>Cependant la sortie de l&rsquo;\u00e9cole obligatoire et l&rsquo;entr\u00e9e en apprentissage ou en formation reste une \u00e9tape extr\u00eamement co\u00fbteuse pour les jeunes et leurs parents :<\/p>\n<ul>\n<li>introduction de frais de d&rsquo;admission, d&rsquo;\u00e9tudes, d&rsquo;examen,<\/li>\n<li>frais de mat\u00e9riel selon les fili\u00e8res, frais d&rsquo;infrastructure (ordinateur, imprimante, etc.),<\/li>\n<li>les frais de transports ne sont plus pris en charge,<\/li>\n<li>les primes d&rsquo;assurances maladie triplent d\u00e8s 18 ans,<\/li>\n<li>et selon les \u00e9tudes envisag\u00e9es, il faut parfois aussi pr\u00e9voir des frais de logement.<\/li>\n<\/ul>\n<p>De plus, tous ces frais ne sont pas d\u00e9ductibles pour les parents qui les assument, puisque d\u00e8s l&rsquo;ann\u00e9e de ses 18 ans, le jeune est consid\u00e9r\u00e9 comme un sujet fiscal ind\u00e9pendant. Ceci peut rapidement conduire \u00e0 des situations qui risquent de freiner l&rsquo;envie de s&rsquo;engager dans de longues \u00e9tudes.<\/p>\n<p>Quant \u00e0 l&rsquo;office cantonal des bourses, faute d&rsquo;effectif il n&rsquo;est pas en mesure de traiter suffisamment rapidement les demandes, laissant parfois les \u00e9tudiants dans des conditions tr\u00e8s difficiles.<\/p>\n<p>Renforcer le soutien aux \u00e9tudes et donner plus de moyens \u00e0 l&rsquo;office des bourses est l&rsquo;un de mes objectifs pour la prochaine l\u00e9gislature.<\/p>\n<p>&nbsp;<\/p>\n<p>&nbsp;<\/p>\n<p>&nbsp;<\/p>\n","protected":false},"excerpt":{"rendered":"<p>Le canton de Vaud a r\u00e9alis\u00e9 un effort important pour les familles durant cette derni\u00e8re l\u00e9gislature : augmentation de son financement pour l&rsquo;accueil de jour des enfants, progression des allocations familiales pour les enfants et les jeunes en formation, etc. Cependant la sortie de l&rsquo;\u00e9cole obligatoire et l&rsquo;entr\u00e9e en apprentissage ou en formation reste une [&hellip;]<\/p>\n","protected":false},"author":1,"featured_media":0,"comment_status":"open","ping_status":"closed","sticky":false,"template":"","format":"standard","meta":[],"categories":[17],"tags":[],"_links":{"self":[{"href":"https:\/\/www.sylvie-progin.ch\/index.php?rest_route=\/wp\/v2\/posts\/171"}],"collection":[{"href":"https:\/\/www.sylvie-progin.ch\/index.php?rest_route=\/wp\/v2\/posts"}],"about":[{"href":"https:\/\/www.sylvie-progin.ch\/index.php?rest_route=\/wp\/v2\/types\/post"}],"author":[{"embeddable":true,"href":"https:\/\/www.sylvie-progin.ch\/index.php?rest_route=\/wp\/v2\/users\/1"}],"replies":[{"embeddable":true,"href":"https:\/\/www.sylvie-progin.ch\/index.php?rest_route=%2Fwp%2Fv2%2Fcomments&post=171"}],"version-history":[{"count":6,"href":"https:\/\/www.sylvie-progin.ch\/index.php?rest_route=\/wp\/v2\/posts\/171\/revisions"}],"predecessor-version":[{"id":386,"href":"https:\/\/www.sylvie-progin.ch\/index.php?rest_route=\/wp\/v2\/posts\/171\/revisions\/386"}],"wp:attachment":[{"href":"https:\/\/www.sylvie-progin.ch\/index.php?rest_route=%2Fwp%2Fv2%2Fmedia&parent=171"}],"wp:term":[{"taxonomy":"category","embeddable":true,"href":"https:\/\/www.sylvie-progin.ch\/index.php?rest_route=%2Fwp%2Fv2%2Fcategories&post=171"},{"taxonomy":"post_tag","embeddable":true,"href":"https:\/\/www.sylvie-progin.ch\/index.php?rest_route=%2Fwp%2Fv2%2Ftags&post=171"}],"curies":[{"name":"wp","href":"https:\/\/api.w.org\/{rel}","templated":true}]}}