{"id":177,"date":"2017-02-25T14:33:40","date_gmt":"2017-02-25T14:33:40","guid":{"rendered":"http:\/\/www.sylvie-progin.ch\/?p=177"},"modified":"2019-04-25T07:33:47","modified_gmt":"2019-04-25T07:33:47","slug":"ages-et-societe-perspectives","status":"publish","type":"post","link":"https:\/\/www.sylvie-progin.ch\/?p=177","title":{"rendered":"Age et soci\u00e9t\u00e9 &#8211; perspectives"},"content":{"rendered":"<p>Au niveau f\u00e9d\u00e9ral on se pr\u00e9occupe beaucoup du financement des retraites mais encore tr\u00e8s peu de l&rsquo;adaptation concr\u00e8te de la vie de nos seniors.<\/p>\n<p>En effet, cons\u00e9quence de l&rsquo;\u00e9volution sociale qu&rsquo;elles ont eu la chance de vivre, les personnes qui arrivent maintenant \u00e0 la retraite ont des&nbsp;attentes diff\u00e9rentes sur leur qualit\u00e9 de vie que la g\u00e9n\u00e9ration pr\u00e9c\u00e9dente. &nbsp;Elles tiennent \u00e0 privil\u00e9gier leur autonomie, elles souhaitent pouvoir vivre en communaut\u00e9 et participer aux activit\u00e9s de leur quartier, leur ville ou leur village, m\u00eame si plus tard elles deviennent d\u00e9pendantes de soins quotidiens.<\/p>\n<p>Ce &nbsp;changement de paradigme sur la vieillesse implique de mener des r\u00e9flexions approfondies en termes de logement, de transports, d&rsquo;\u00e9changes entre g\u00e9n\u00e9ration. D&rsquo;autres questions devront aussi \u00eatre abord\u00e9es comme l&rsquo;alimentation, le commerce, l&rsquo;acc\u00e8s \u00e0 la culture, \u00e0 la sant\u00e9, voire \u00e0 l&rsquo;e-sant\u00e9.<\/p>\n<p>A mon sens, sachant que dans quelques ann\u00e9es plus d&rsquo;une personne sur cinq sera \u00e0 la retraite dans le canton de Vaud, il serait important que le Parlement int\u00e8gre de mani\u00e8re plus g\u00e9n\u00e9rale cette dimension dans ses d\u00e9bats.<\/p>\n","protected":false},"excerpt":{"rendered":"<p>Au niveau f\u00e9d\u00e9ral on se pr\u00e9occupe beaucoup du financement des retraites mais encore tr\u00e8s peu de l&rsquo;adaptation concr\u00e8te de la vie de nos seniors. En effet, cons\u00e9quence de l&rsquo;\u00e9volution sociale qu&rsquo;elles ont eu la chance de vivre, les personnes qui arrivent maintenant \u00e0 la retraite ont des&nbsp;attentes diff\u00e9rentes sur leur qualit\u00e9 de vie que la [&hellip;]<\/p>\n","protected":false},"author":1,"featured_media":0,"comment_status":"open","ping_status":"closed","sticky":false,"template":"","format":"standard","meta":[],"categories":[26],"tags":[],"_links":{"self":[{"href":"https:\/\/www.sylvie-progin.ch\/index.php?rest_route=\/wp\/v2\/posts\/177"}],"collection":[{"href":"https:\/\/www.sylvie-progin.ch\/index.php?rest_route=\/wp\/v2\/posts"}],"about":[{"href":"https:\/\/www.sylvie-progin.ch\/index.php?rest_route=\/wp\/v2\/types\/post"}],"author":[{"embeddable":true,"href":"https:\/\/www.sylvie-progin.ch\/index.php?rest_route=\/wp\/v2\/users\/1"}],"replies":[{"embeddable":true,"href":"https:\/\/www.sylvie-progin.ch\/index.php?rest_route=%2Fwp%2Fv2%2Fcomments&post=177"}],"version-history":[{"count":15,"href":"https:\/\/www.sylvie-progin.ch\/index.php?rest_route=\/wp\/v2\/posts\/177\/revisions"}],"predecessor-version":[{"id":737,"href":"https:\/\/www.sylvie-progin.ch\/index.php?rest_route=\/wp\/v2\/posts\/177\/revisions\/737"}],"wp:attachment":[{"href":"https:\/\/www.sylvie-progin.ch\/index.php?rest_route=%2Fwp%2Fv2%2Fmedia&parent=177"}],"wp:term":[{"taxonomy":"category","embeddable":true,"href":"https:\/\/www.sylvie-progin.ch\/index.php?rest_route=%2Fwp%2Fv2%2Fcategories&post=177"},{"taxonomy":"post_tag","embeddable":true,"href":"https:\/\/www.sylvie-progin.ch\/index.php?rest_route=%2Fwp%2Fv2%2Ftags&post=177"}],"curies":[{"name":"wp","href":"https:\/\/api.w.org\/{rel}","templated":true}]}}