{"id":181,"date":"2017-03-03T14:38:51","date_gmt":"2017-03-03T14:38:51","guid":{"rendered":"http:\/\/www.sylvie-progin.ch\/?p=181"},"modified":"2019-04-25T07:07:29","modified_gmt":"2019-04-25T07:07:29","slug":"fusion-de-communes","status":"publish","type":"post","link":"https:\/\/www.sylvie-progin.ch\/?p=181","title":{"rendered":"Fusion de communes"},"content":{"rendered":"<p>Au 1er janvier 2017, le canton de Vaud compte encore 309 communes. S&rsquo;il est vrai que 25 projets concernant 98 communes ont aboutis ces douze derni\u00e8res ann\u00e9es, on constate maintenant l&rsquo;essoufflement d&rsquo;un processus qu&rsquo;il s&rsquo;agit de relancer.<\/p>\n<p>Car les fusions seront in\u00e9luctables, ne serait-ce d\u00e9j\u00e0 que pour respecter le d\u00e9bat d\u00e9mocratique. Les communes se partagent de multiples t\u00e2ches au sein d&rsquo;associations de tous genres qui sont mises en place pour respecter les obligations l\u00e9gales que les plus petites ne peuvent assumer seules. Ecoles, STEP, SDIS, police, accueil de jour des enfants, etc., tous ces th\u00e8mes ne peuvent plus \u00eatre d\u00e9battus par les l\u00e9gislatifs communaux de chacune des communes. La fusion permet de redonner un essor aux ex\u00e9cutifs communaux, qui peuvent s&rsquo;appuyer sur un pouvoir l\u00e9gislatif mieux structur\u00e9.<\/p>\n<p>Ensuite, en mettant en commun leurs ressources, les communes peuvent r\u00e9ellement am\u00e9liorer les services \u00e0 la population. Horaires d&rsquo;ouverture de l&rsquo;administration \u00e9largis,&nbsp;regroupement des comp\u00e9tences et des moyens pour les mettre \u00e0 disposition d&rsquo;une r\u00e9gion plus importante, tout ceci permet d&rsquo;am\u00e9liorer les prestations que peuvent fournir les communes.<\/p>\n<p>Sur le plan financier, fusionner signifie aussi augmenter sa capacit\u00e9 \u00e0 financer des projets plus importants par ses propres moyens et de mani\u00e8re autonome.<\/p>\n<p>Au final, fusionner signifie s&rsquo;adapter aux dimensions de la soci\u00e9t\u00e9 actuelle, dans l&rsquo;id\u00e9e d&rsquo;un d\u00e9veloppement harmonieux tant sur le plan humain qu&rsquo;\u00e9conomique.<\/p>\n<p>&nbsp;<\/p>\n<p>&nbsp;<\/p>\n<p>&nbsp;<\/p>\n","protected":false},"excerpt":{"rendered":"<p>Au 1er janvier 2017, le canton de Vaud compte encore 309 communes. S&rsquo;il est vrai que 25 projets concernant 98 communes ont aboutis ces douze derni\u00e8res ann\u00e9es, on constate maintenant l&rsquo;essoufflement d&rsquo;un processus qu&rsquo;il s&rsquo;agit de relancer. Car les fusions seront in\u00e9luctables, ne serait-ce d\u00e9j\u00e0 que pour respecter le d\u00e9bat d\u00e9mocratique. Les communes se partagent [&hellip;]<\/p>\n","protected":false},"author":1,"featured_media":0,"comment_status":"open","ping_status":"closed","sticky":false,"template":"","format":"standard","meta":[],"categories":[],"tags":[],"_links":{"self":[{"href":"https:\/\/www.sylvie-progin.ch\/index.php?rest_route=\/wp\/v2\/posts\/181"}],"collection":[{"href":"https:\/\/www.sylvie-progin.ch\/index.php?rest_route=\/wp\/v2\/posts"}],"about":[{"href":"https:\/\/www.sylvie-progin.ch\/index.php?rest_route=\/wp\/v2\/types\/post"}],"author":[{"embeddable":true,"href":"https:\/\/www.sylvie-progin.ch\/index.php?rest_route=\/wp\/v2\/users\/1"}],"replies":[{"embeddable":true,"href":"https:\/\/www.sylvie-progin.ch\/index.php?rest_route=%2Fwp%2Fv2%2Fcomments&post=181"}],"version-history":[{"count":6,"href":"https:\/\/www.sylvie-progin.ch\/index.php?rest_route=\/wp\/v2\/posts\/181\/revisions"}],"predecessor-version":[{"id":721,"href":"https:\/\/www.sylvie-progin.ch\/index.php?rest_route=\/wp\/v2\/posts\/181\/revisions\/721"}],"wp:attachment":[{"href":"https:\/\/www.sylvie-progin.ch\/index.php?rest_route=%2Fwp%2Fv2%2Fmedia&parent=181"}],"wp:term":[{"taxonomy":"category","embeddable":true,"href":"https:\/\/www.sylvie-progin.ch\/index.php?rest_route=%2Fwp%2Fv2%2Fcategories&post=181"},{"taxonomy":"post_tag","embeddable":true,"href":"https:\/\/www.sylvie-progin.ch\/index.php?rest_route=%2Fwp%2Fv2%2Ftags&post=181"}],"curies":[{"name":"wp","href":"https:\/\/api.w.org\/{rel}","templated":true}]}}