{"id":183,"date":"2017-02-03T14:39:16","date_gmt":"2017-02-03T14:39:16","guid":{"rendered":"http:\/\/www.sylvie-progin.ch\/?p=183"},"modified":"2017-03-21T09:39:10","modified_gmt":"2017-03-21T09:39:10","slug":"evaluation-des-programmes-politiques","status":"publish","type":"post","link":"https:\/\/www.sylvie-progin.ch\/?p=183","title":{"rendered":"Evaluation des programmes politiques"},"content":{"rendered":"<p>Les \u00e9valuations des politiques publiques sont un compl\u00e9ment indispensable au processus du contr\u00f4le de gestion et permettent d\u2019appr\u00e9cier si l\u2019action politique et administrative r\u00e9alise bien les objectifs fix\u00e9s par le l\u00e9gislateur du point de vue non seulement financier et \u00e9conomique, mais aussi social, culturel, environnemental, etc.<\/p>\n<p>Or, malgr\u00e9 l&rsquo;introduction dans des projets de lois d&rsquo;articles pr\u00e9voyant une \u00e9valuation au terme d&rsquo;une p\u00e9riode plus ou moins longue, aucune syst\u00e9matique n&rsquo;a \u00e9t\u00e9 introduite pour savoir sur quelles probl\u00e9matiques un tel processus est obligatoire, ni comment r\u00e9aliser ces \u00e9valuations, et ni surtout pour en assurer le suivi et en informer le Grand Conseil.<\/p>\n<p>Lors du d\u00e9p\u00f4t de mon postulat sur ce sujet en 2012, la chancellerie a reconnu que\u00a0ces questions n&rsquo;\u00e9taient pas r\u00e9gl\u00e9es et qu&rsquo;elle a elle-m\u00eame pr\u00e9vu de charger l\u2019IDHEAP de lui fournir une m\u00e9thode la plus simple et efficace possible pour \u00e9valuer en 2017 de mani\u00e8re plus m\u00e9thodique le prochain programme de l\u00e9gislature.<\/p>\n<p><a href=\"http:\/\/www.vd.ch\/fileadmin\/user_upload\/organisation\/gc\/fichiers_pdf\/2012-2017\/11_POS_302_RC.pdf\">Texte de mon postulat de 2012 et rapport de la Commission<br \/>\n(<\/a>le postulat n&rsquo;a pas encore \u00e9t\u00e9 trait\u00e9 en s\u00e9ance du GC)<\/p>\n<p>Je me r\u00e9jouirais de pouvoir r\u00e9-aborder ce sujet.<\/p>\n","protected":false},"excerpt":{"rendered":"<p>Les \u00e9valuations des politiques publiques sont un compl\u00e9ment indispensable au processus du contr\u00f4le de gestion et permettent d\u2019appr\u00e9cier si l\u2019action politique et administrative r\u00e9alise bien les objectifs fix\u00e9s par le l\u00e9gislateur du point de vue non seulement financier et \u00e9conomique, mais aussi social, culturel, environnemental, etc. Or, malgr\u00e9 l&rsquo;introduction dans des projets de lois d&rsquo;articles [&hellip;]<\/p>\n","protected":false},"author":1,"featured_media":0,"comment_status":"open","ping_status":"closed","sticky":false,"template":"","format":"standard","meta":[],"categories":[17],"tags":[],"_links":{"self":[{"href":"https:\/\/www.sylvie-progin.ch\/index.php?rest_route=\/wp\/v2\/posts\/183"}],"collection":[{"href":"https:\/\/www.sylvie-progin.ch\/index.php?rest_route=\/wp\/v2\/posts"}],"about":[{"href":"https:\/\/www.sylvie-progin.ch\/index.php?rest_route=\/wp\/v2\/types\/post"}],"author":[{"embeddable":true,"href":"https:\/\/www.sylvie-progin.ch\/index.php?rest_route=\/wp\/v2\/users\/1"}],"replies":[{"embeddable":true,"href":"https:\/\/www.sylvie-progin.ch\/index.php?rest_route=%2Fwp%2Fv2%2Fcomments&post=183"}],"version-history":[{"count":4,"href":"https:\/\/www.sylvie-progin.ch\/index.php?rest_route=\/wp\/v2\/posts\/183\/revisions"}],"predecessor-version":[{"id":357,"href":"https:\/\/www.sylvie-progin.ch\/index.php?rest_route=\/wp\/v2\/posts\/183\/revisions\/357"}],"wp:attachment":[{"href":"https:\/\/www.sylvie-progin.ch\/index.php?rest_route=%2Fwp%2Fv2%2Fmedia&parent=183"}],"wp:term":[{"taxonomy":"category","embeddable":true,"href":"https:\/\/www.sylvie-progin.ch\/index.php?rest_route=%2Fwp%2Fv2%2Fcategories&post=183"},{"taxonomy":"post_tag","embeddable":true,"href":"https:\/\/www.sylvie-progin.ch\/index.php?rest_route=%2Fwp%2Fv2%2Ftags&post=183"}],"curies":[{"name":"wp","href":"https:\/\/api.w.org\/{rel}","templated":true}]}}