{"id":230,"date":"2017-02-05T13:57:01","date_gmt":"2017-02-05T13:57:01","guid":{"rendered":"http:\/\/www.sylvie-progin.ch\/?p=230"},"modified":"2019-02-04T14:13:16","modified_gmt":"2019-02-04T14:13:16","slug":"mediation-culturelle","status":"publish","type":"post","link":"https:\/\/www.sylvie-progin.ch\/?p=230","title":{"rendered":"Participation culturelle"},"content":{"rendered":"<p>Dans son message culture 2016 &#8211; 2020, le Conseil f\u00e9d\u00e9ral a d\u00e9finit la participation culturelle comme un continuum qui englobe \u00e0 la fois la pratique artistique active, la participation interactive et la r\u00e9ception par le public. Dans ce contexte, renforcer la participation culturelle revient \u00e0 prendre en consid\u00e9ration l&rsquo;ensemble de la population et \u00e0 favoriser le vivre ensemble dans une soci\u00e9t\u00e9 toujours plus diversifi\u00e9e.<\/p>\n<p>Il s&rsquo;agit de permettre au plus grand nombre d&rsquo;avoir acc\u00e8s \u00e0 la culture, de s&rsquo;y confronter ou d&rsquo;y participer, quelque soit le niveau de formation, de revenu ou l&rsquo;origine sociale.<\/p>\n","protected":false},"excerpt":{"rendered":"<p>Dans son message culture 2016 &#8211; 2020, le Conseil f\u00e9d\u00e9ral a d\u00e9finit la participation culturelle comme un continuum qui englobe \u00e0 la fois la pratique artistique active, la participation interactive et la r\u00e9ception par le public. Dans ce contexte, renforcer la participation culturelle revient \u00e0 prendre en consid\u00e9ration l&rsquo;ensemble de la population et \u00e0 favoriser [&hellip;]<\/p>\n","protected":false},"author":1,"featured_media":0,"comment_status":"open","ping_status":"closed","sticky":false,"template":"","format":"standard","meta":[],"categories":[17],"tags":[],"_links":{"self":[{"href":"https:\/\/www.sylvie-progin.ch\/index.php?rest_route=\/wp\/v2\/posts\/230"}],"collection":[{"href":"https:\/\/www.sylvie-progin.ch\/index.php?rest_route=\/wp\/v2\/posts"}],"about":[{"href":"https:\/\/www.sylvie-progin.ch\/index.php?rest_route=\/wp\/v2\/types\/post"}],"author":[{"embeddable":true,"href":"https:\/\/www.sylvie-progin.ch\/index.php?rest_route=\/wp\/v2\/users\/1"}],"replies":[{"embeddable":true,"href":"https:\/\/www.sylvie-progin.ch\/index.php?rest_route=%2Fwp%2Fv2%2Fcomments&post=230"}],"version-history":[{"count":6,"href":"https:\/\/www.sylvie-progin.ch\/index.php?rest_route=\/wp\/v2\/posts\/230\/revisions"}],"predecessor-version":[{"id":724,"href":"https:\/\/www.sylvie-progin.ch\/index.php?rest_route=\/wp\/v2\/posts\/230\/revisions\/724"}],"wp:attachment":[{"href":"https:\/\/www.sylvie-progin.ch\/index.php?rest_route=%2Fwp%2Fv2%2Fmedia&parent=230"}],"wp:term":[{"taxonomy":"category","embeddable":true,"href":"https:\/\/www.sylvie-progin.ch\/index.php?rest_route=%2Fwp%2Fv2%2Fcategories&post=230"},{"taxonomy":"post_tag","embeddable":true,"href":"https:\/\/www.sylvie-progin.ch\/index.php?rest_route=%2Fwp%2Fv2%2Ftags&post=230"}],"curies":[{"name":"wp","href":"https:\/\/api.w.org\/{rel}","templated":true}]}}