{"id":240,"date":"2017-02-19T15:17:27","date_gmt":"2017-02-19T15:17:27","guid":{"rendered":"http:\/\/www.sylvie-progin.ch\/?p=240"},"modified":"2019-04-25T07:21:54","modified_gmt":"2019-04-25T07:21:54","slug":"soutien-aux-familles-monoparentales","status":"publish","type":"post","link":"https:\/\/www.sylvie-progin.ch\/?p=240","title":{"rendered":"Soutien aux familles monoparentales"},"content":{"rendered":"<div class=\"content_section_module\">Sur &nbsp;les quelques 122&rsquo;000 m\u00e9nages avec enfant(s) vivant dans le canton de Vaud, pr\u00e8s de 20% sont constitu\u00e9s d&rsquo;un seul parent avec ses enfants.&nbsp;&nbsp;Les femmes sont plus touch\u00e9es que les hommes par ce ph\u00e9nom\u00e8ne et elles sont souvent tr\u00e8s isol\u00e9es face aux probl\u00e8mes qu&rsquo;elles rencontrent. Difficult\u00e9 d&rsquo;organisation, garde des enfants et probl\u00e8mes financiers s&rsquo;ajoutent souvent au stress de la rupture.<\/div>\n<div class=\"content_section_module\"><\/div>\n<div class=\"content_section_module\">En outre, l&rsquo;augmentation du taux d&rsquo;activit\u00e9 du parent en charge des enfants n&rsquo;est la plupart du temps pas une bonne solution car il implique une augmentation des frais de garde des enfants, et souvent aussi une diminution des aides.<\/div>\n<div class=\"content_section_module\"><\/div>\n<div class=\"content_section_module\">La probl\u00e9matique est \u00e9videmment connue, mais les mesures concr\u00e8tes pour aider ces familles sont encore rares. Voici une proposition que je souhaiterais faire&nbsp;:<\/div>\n<div class=\"content_section_module\"><\/div>\n<div class=\"content_section_module\">lorsque les revenus des deux conjoints &#8211; apr\u00e8s divorce &#8211; ne permettent pas de couvrir les besoins des deux m\u00e9nages, une aide temporaire, par exemple sous la forme d&rsquo;allocations familiales augment\u00e9es, pourrait \u00eatre octroy\u00e9e au parent gardien, pr\u00e9servant ainsi le minimum vital de l&rsquo;autre parent.<\/div>\n<div class=\"content_section_module\"><\/div>\n<div class=\"content_section_module\"><\/div>\n<div class=\"content_section_module\"><\/div>\n","protected":false},"excerpt":{"rendered":"<p>Sur &nbsp;les quelques 122&rsquo;000 m\u00e9nages avec enfant(s) vivant dans le canton de Vaud, pr\u00e8s de 20% sont constitu\u00e9s d&rsquo;un seul parent avec ses enfants.&nbsp;&nbsp;Les femmes sont plus touch\u00e9es que les hommes par ce ph\u00e9nom\u00e8ne et elles sont souvent tr\u00e8s isol\u00e9es face aux probl\u00e8mes qu&rsquo;elles rencontrent. Difficult\u00e9 d&rsquo;organisation, garde des enfants et probl\u00e8mes financiers s&rsquo;ajoutent souvent [&hellip;]<\/p>\n","protected":false},"author":1,"featured_media":0,"comment_status":"open","ping_status":"closed","sticky":false,"template":"","format":"standard","meta":[],"categories":[17],"tags":[],"_links":{"self":[{"href":"https:\/\/www.sylvie-progin.ch\/index.php?rest_route=\/wp\/v2\/posts\/240"}],"collection":[{"href":"https:\/\/www.sylvie-progin.ch\/index.php?rest_route=\/wp\/v2\/posts"}],"about":[{"href":"https:\/\/www.sylvie-progin.ch\/index.php?rest_route=\/wp\/v2\/types\/post"}],"author":[{"embeddable":true,"href":"https:\/\/www.sylvie-progin.ch\/index.php?rest_route=\/wp\/v2\/users\/1"}],"replies":[{"embeddable":true,"href":"https:\/\/www.sylvie-progin.ch\/index.php?rest_route=%2Fwp%2Fv2%2Fcomments&post=240"}],"version-history":[{"count":8,"href":"https:\/\/www.sylvie-progin.ch\/index.php?rest_route=\/wp\/v2\/posts\/240\/revisions"}],"predecessor-version":[{"id":723,"href":"https:\/\/www.sylvie-progin.ch\/index.php?rest_route=\/wp\/v2\/posts\/240\/revisions\/723"}],"wp:attachment":[{"href":"https:\/\/www.sylvie-progin.ch\/index.php?rest_route=%2Fwp%2Fv2%2Fmedia&parent=240"}],"wp:term":[{"taxonomy":"category","embeddable":true,"href":"https:\/\/www.sylvie-progin.ch\/index.php?rest_route=%2Fwp%2Fv2%2Fcategories&post=240"},{"taxonomy":"post_tag","embeddable":true,"href":"https:\/\/www.sylvie-progin.ch\/index.php?rest_route=%2Fwp%2Fv2%2Ftags&post=240"}],"curies":[{"name":"wp","href":"https:\/\/api.w.org\/{rel}","templated":true}]}}