{"id":253,"date":"2017-02-14T10:49:27","date_gmt":"2017-02-14T10:49:27","guid":{"rendered":"http:\/\/www.sylvie-progin.ch\/?p=253"},"modified":"2017-02-14T10:55:01","modified_gmt":"2017-02-14T10:55:01","slug":"soutien-aux-proches-aidants","status":"publish","type":"post","link":"https:\/\/www.sylvie-progin.ch\/?p=253","title":{"rendered":"Soutien aux proches aidants"},"content":{"rendered":"<p>Dans le canton de Vaud, on estime que 13% de la population de plus de 15 ans fournit de l&rsquo;aide une ou plusieurs fois par semaine \u00e0 des personnes qui ont des probl\u00e8mes de sant\u00e9 ou sont \u00e2g\u00e9es. Et pr\u00e8s d&rsquo;une personne sur trois de plus de 85 ans est soutenue par un proche.<\/p>\n<p>Mais accompagner une personne \u00e0 domicile, notamment quand la situation est lourde, n\u00e9cessite parfois de diminuer son activit\u00e9 professionnelle, souvent de trouver des am\u00e9nagements avec son travail et\/ou sa vie de famille. D&rsquo;autres proches-aidants sont plus \u00e2g\u00e9s et parfois limit\u00e9s dans l&rsquo;aide qu&rsquo;ils peuvent apporter.<\/p>\n<p>Une reconnaissance juridique du statut de proches-aidants, une am\u00e9lioration des aides financi\u00e8res ou logistiques \u00e0 disposition des ces personnes et des associations concern\u00e9es permettraient de valoriser ce soutien d&rsquo;int\u00e9r\u00eat public. La sensibilisation des milieux \u00e9conomiques \u00e0 cette probl\u00e9matique devrait \u00a0permettre aussi d&rsquo;obtenir des possibilit\u00e9s de cong\u00e9s, des horaires flexibles temporaires, etc.<\/p>\n<p>Enfin, pour soulager quelque peu les proches-aidants qui sont eux-m\u00eames d\u00e9j\u00e0 \u00e2g\u00e9s, des structures d&rsquo;accueil temporaires devraient \u00eatre d\u00e9velopp\u00e9es.<\/p>\n","protected":false},"excerpt":{"rendered":"<p>Dans le canton de Vaud, on estime que 13% de la population de plus de 15 ans fournit de l&rsquo;aide une ou plusieurs fois par semaine \u00e0 des personnes qui ont des probl\u00e8mes de sant\u00e9 ou sont \u00e2g\u00e9es. Et pr\u00e8s d&rsquo;une personne sur trois de plus de 85 ans est soutenue par un proche. Mais [&hellip;]<\/p>\n","protected":false},"author":1,"featured_media":256,"comment_status":"open","ping_status":"closed","sticky":false,"template":"","format":"standard","meta":[],"categories":[17],"tags":[],"_links":{"self":[{"href":"https:\/\/www.sylvie-progin.ch\/index.php?rest_route=\/wp\/v2\/posts\/253"}],"collection":[{"href":"https:\/\/www.sylvie-progin.ch\/index.php?rest_route=\/wp\/v2\/posts"}],"about":[{"href":"https:\/\/www.sylvie-progin.ch\/index.php?rest_route=\/wp\/v2\/types\/post"}],"author":[{"embeddable":true,"href":"https:\/\/www.sylvie-progin.ch\/index.php?rest_route=\/wp\/v2\/users\/1"}],"replies":[{"embeddable":true,"href":"https:\/\/www.sylvie-progin.ch\/index.php?rest_route=%2Fwp%2Fv2%2Fcomments&post=253"}],"version-history":[{"count":3,"href":"https:\/\/www.sylvie-progin.ch\/index.php?rest_route=\/wp\/v2\/posts\/253\/revisions"}],"predecessor-version":[{"id":257,"href":"https:\/\/www.sylvie-progin.ch\/index.php?rest_route=\/wp\/v2\/posts\/253\/revisions\/257"}],"wp:featuredmedia":[{"embeddable":true,"href":"https:\/\/www.sylvie-progin.ch\/index.php?rest_route=\/wp\/v2\/media\/256"}],"wp:attachment":[{"href":"https:\/\/www.sylvie-progin.ch\/index.php?rest_route=%2Fwp%2Fv2%2Fmedia&parent=253"}],"wp:term":[{"taxonomy":"category","embeddable":true,"href":"https:\/\/www.sylvie-progin.ch\/index.php?rest_route=%2Fwp%2Fv2%2Fcategories&post=253"},{"taxonomy":"post_tag","embeddable":true,"href":"https:\/\/www.sylvie-progin.ch\/index.php?rest_route=%2Fwp%2Fv2%2Ftags&post=253"}],"curies":[{"name":"wp","href":"https:\/\/api.w.org\/{rel}","templated":true}]}}