{"id":265,"date":"2017-02-15T17:38:41","date_gmt":"2017-02-15T17:38:41","guid":{"rendered":"http:\/\/www.sylvie-progin.ch\/?p=265"},"modified":"2019-04-25T07:23:17","modified_gmt":"2019-04-25T07:23:17","slug":"conditions-de-travail-des-professionnels-du-domaine-culturel","status":"publish","type":"post","link":"https:\/\/www.sylvie-progin.ch\/?p=265","title":{"rendered":"Conditions de travail des professionnels du domaine culturel"},"content":{"rendered":"<p>Dans notre canton &#8211; contrairement \u00e0 d&rsquo;autres &#8211; les mesures de formation continue pour les artistes ne sont pas reconnues par les ORP et donc pas financ\u00e9es. Pourtant, il devrait \u00eatre possible de cr\u00e9er un fonds pour la formation continue, un peu sur le mod\u00e8le de la Fonpro (Fondation cantonale pour la formation professionnelle) par exemple, et permettre ainsi aux artistes des transitions professionnelles lorsque c&rsquo;est n\u00e9cessaire. L&rsquo;acc\u00e8s \u00e0 la formation continue devrait en outre \u00eatre possible que les ces personnes soient salari\u00e9s ou ind\u00e9pendants.<\/p>\n<p>La situation professionnelle des artistes est le plus souvent atypique. Des solutions plus souples sont encore \u00e0 imaginer en ce qui concerne les r\u00e9gimes fiscaux ou les plans de retraites notamment. Pour les plans de retraites des artistes ind\u00e9pendants par exemple, le canton pourrait suivre les recommandations de l&rsquo;union des villes suisses en versant un pourcentage de sa contribution directement \u00e0 la caisse de retraite.<\/p>\n<p>Enfin, l&rsquo;attribution de subventions aux projets artistiques devrait \u00eatre conditionn\u00e9e au respect des conditions de travail des artistes, dont une contribution aux caisses de pension d\u00e8s le premier jour de travail.<\/p>\n","protected":false},"excerpt":{"rendered":"<p>Dans notre canton &#8211; contrairement \u00e0 d&rsquo;autres &#8211; les mesures de formation continue pour les artistes ne sont pas reconnues par les ORP et donc pas financ\u00e9es. Pourtant, il devrait \u00eatre possible de cr\u00e9er un fonds pour la formation continue, un peu sur le mod\u00e8le de la Fonpro (Fondation cantonale pour la formation professionnelle) par [&hellip;]<\/p>\n","protected":false},"author":1,"featured_media":0,"comment_status":"open","ping_status":"closed","sticky":false,"template":"","format":"standard","meta":[],"categories":[26],"tags":[],"_links":{"self":[{"href":"https:\/\/www.sylvie-progin.ch\/index.php?rest_route=\/wp\/v2\/posts\/265"}],"collection":[{"href":"https:\/\/www.sylvie-progin.ch\/index.php?rest_route=\/wp\/v2\/posts"}],"about":[{"href":"https:\/\/www.sylvie-progin.ch\/index.php?rest_route=\/wp\/v2\/types\/post"}],"author":[{"embeddable":true,"href":"https:\/\/www.sylvie-progin.ch\/index.php?rest_route=\/wp\/v2\/users\/1"}],"replies":[{"embeddable":true,"href":"https:\/\/www.sylvie-progin.ch\/index.php?rest_route=%2Fwp%2Fv2%2Fcomments&post=265"}],"version-history":[{"count":11,"href":"https:\/\/www.sylvie-progin.ch\/index.php?rest_route=\/wp\/v2\/posts\/265\/revisions"}],"predecessor-version":[{"id":736,"href":"https:\/\/www.sylvie-progin.ch\/index.php?rest_route=\/wp\/v2\/posts\/265\/revisions\/736"}],"wp:attachment":[{"href":"https:\/\/www.sylvie-progin.ch\/index.php?rest_route=%2Fwp%2Fv2%2Fmedia&parent=265"}],"wp:term":[{"taxonomy":"category","embeddable":true,"href":"https:\/\/www.sylvie-progin.ch\/index.php?rest_route=%2Fwp%2Fv2%2Fcategories&post=265"},{"taxonomy":"post_tag","embeddable":true,"href":"https:\/\/www.sylvie-progin.ch\/index.php?rest_route=%2Fwp%2Fv2%2Ftags&post=265"}],"curies":[{"name":"wp","href":"https:\/\/api.w.org\/{rel}","templated":true}]}}