{"id":292,"date":"2017-03-07T12:15:21","date_gmt":"2017-03-07T12:15:21","guid":{"rendered":"http:\/\/www.sylvie-progin.ch\/?p=292"},"modified":"2019-04-25T07:46:01","modified_gmt":"2019-04-25T07:46:01","slug":"egalite-entre-les-femmes-et-les-hommes","status":"publish","type":"post","link":"https:\/\/www.sylvie-progin.ch\/?p=292","title":{"rendered":"Egalit\u00e9 entre les femmes et les hommes"},"content":{"rendered":"<p>Malgr\u00e9 le consensus qui entoure la question de l&rsquo;\u00e9galit\u00e9 entre les femmes et les hommes depuis quelques ann\u00e9es, force est de constater que les progr\u00e8s sont extr\u00eamement lents, voire inexistants dans certains domaines.<\/p>\n<p>Plafond de verre, in\u00e9galit\u00e9s salariales, travail \u00e0 temps partiel, repr\u00e9sentativit\u00e9\u00a0politique, pr\u00e9sence dans les m\u00e9dias : tous ces th\u00e8mes doivent \u00eatre inlassablement repris avec des propositions concr\u00e8tes et des objectifs chiffr\u00e9s.<\/p>\n<p>Prenons par exemple la conciliation vie familiale et professionnelle : ce qui per\u00e7u comme un progr\u00e8s perp\u00e9tue aussi l&rsquo;id\u00e9e que ce sont les femmes qui travaillent \u00e0 temps partiel, qui suspendent leur carri\u00e8re, etc. A mon avis, seul un vrai cong\u00e9 parental, partag\u00e9 entre le p\u00e8re et la m\u00e8re et d&rsquo;une dur\u00e9e suffisante, permettrait aux femmes de ne pas avoir \u00e0 supporter seules les cons\u00e9quences professionnelles induites par le fait de fonder une famille.<\/p>\n<p>Il faut aussi que nous nous pr\u00e9occupions urgemment de la question des caisses de pension ; <span class=\"TextRun  BCX0 SCXW106807078\" lang=\"FR-FR\" xml:lang=\"FR-FR\" data-contrast=\"auto\"><span class=\"NormalTextRun  BCX0 SCXW106807078\">\u00e0 cause de leurs carri\u00e8res d\u00e9but\u00e9es tardivement, interrompues, de leurs jobs \u00e0 temps partiel pour s\u2019occuper des enfants, le<\/span><\/span><span class=\"TextRun  BCX0 SCXW106807078\" lang=\"FR-FR\" xml:lang=\"FR-FR\" data-contrast=\"auto\"><span class=\"NormalTextRun  BCX0 SCXW106807078\">s<\/span><\/span><span class=\"TextRun  BCX0 SCXW106807078\" lang=\"FR-FR\" xml:lang=\"FR-FR\" data-contrast=\"auto\"><span class=\"NormalTextRun  BCX0 SCXW106807078\">\u00a0retraites des femmes sont\u00a0<\/span><\/span><span class=\"TextRun  BCX0 SCXW106807078\" lang=\"FR-FR\" xml:lang=\"FR-FR\" data-contrast=\"auto\"><span class=\"NormalTextRun  BCX0 SCXW106807078\">tr\u00e8s\u00a0<\/span><\/span><span class=\"TextRun  BCX0 SCXW106807078\" lang=\"FR-FR\" xml:lang=\"FR-FR\" data-contrast=\"auto\"><span class=\"NormalTextRun  BCX0 SCXW106807078\">inf\u00e9rieures<\/span><\/span><span class=\"TextRun  BCX0 SCXW106807078\" lang=\"FR-FR\" xml:lang=\"FR-FR\" data-contrast=\"auto\"><span class=\"NormalTextRun  BCX0 SCXW106807078\">\u00a0<\/span><\/span><span class=\"TextRun  BCX0 SCXW106807078\" lang=\"FR-FR\" xml:lang=\"FR-FR\" data-contrast=\"auto\"><span class=\"NormalTextRun  BCX0 SCXW106807078\">\u00e0 celle des hommes. Et c&rsquo;est un r\u00e9el probl\u00e8me, particuli\u00e8rement pour les femmes divorc\u00e9es qui vivent seules.<\/span><\/span><\/p>\n<p>Pour atteindre nos objectifs, il faut que nous, les femmes, soyons pr\u00e9sentes dans tous les cercles du pouvoir, \u00e9conomique et politique, l\u00e0 o\u00f9 se prennent les d\u00e9cisions.<\/p>\n","protected":false},"excerpt":{"rendered":"<p>Malgr\u00e9 le consensus qui entoure la question de l&rsquo;\u00e9galit\u00e9 entre les femmes et les hommes depuis quelques ann\u00e9es, force est de constater que les progr\u00e8s sont extr\u00eamement lents, voire inexistants dans certains domaines. Plafond de verre, in\u00e9galit\u00e9s salariales, travail \u00e0 temps partiel, repr\u00e9sentativit\u00e9\u00a0politique, pr\u00e9sence dans les m\u00e9dias : tous ces th\u00e8mes doivent \u00eatre inlassablement repris [&hellip;]<\/p>\n","protected":false},"author":1,"featured_media":0,"comment_status":"open","ping_status":"closed","sticky":false,"template":"","format":"standard","meta":[],"categories":[26],"tags":[],"_links":{"self":[{"href":"https:\/\/www.sylvie-progin.ch\/index.php?rest_route=\/wp\/v2\/posts\/292"}],"collection":[{"href":"https:\/\/www.sylvie-progin.ch\/index.php?rest_route=\/wp\/v2\/posts"}],"about":[{"href":"https:\/\/www.sylvie-progin.ch\/index.php?rest_route=\/wp\/v2\/types\/post"}],"author":[{"embeddable":true,"href":"https:\/\/www.sylvie-progin.ch\/index.php?rest_route=\/wp\/v2\/users\/1"}],"replies":[{"embeddable":true,"href":"https:\/\/www.sylvie-progin.ch\/index.php?rest_route=%2Fwp%2Fv2%2Fcomments&post=292"}],"version-history":[{"count":6,"href":"https:\/\/www.sylvie-progin.ch\/index.php?rest_route=\/wp\/v2\/posts\/292\/revisions"}],"predecessor-version":[{"id":738,"href":"https:\/\/www.sylvie-progin.ch\/index.php?rest_route=\/wp\/v2\/posts\/292\/revisions\/738"}],"wp:attachment":[{"href":"https:\/\/www.sylvie-progin.ch\/index.php?rest_route=%2Fwp%2Fv2%2Fmedia&parent=292"}],"wp:term":[{"taxonomy":"category","embeddable":true,"href":"https:\/\/www.sylvie-progin.ch\/index.php?rest_route=%2Fwp%2Fv2%2Fcategories&post=292"},{"taxonomy":"post_tag","embeddable":true,"href":"https:\/\/www.sylvie-progin.ch\/index.php?rest_route=%2Fwp%2Fv2%2Ftags&post=292"}],"curies":[{"name":"wp","href":"https:\/\/api.w.org\/{rel}","templated":true}]}}