{"id":354,"date":"2012-09-21T09:56:56","date_gmt":"2012-09-21T09:56:56","guid":{"rendered":"http:\/\/www.sylvie-progin.ch\/?p=354"},"modified":"2018-07-12T12:10:25","modified_gmt":"2018-07-12T12:10:25","slug":"grand-conseil-2011-2012","status":"publish","type":"post","link":"https:\/\/www.sylvie-progin.ch\/?p=354","title":{"rendered":"Grand Conseil 2011 &#8211; 2012"},"content":{"rendered":"<p><strong>Textes d\u00e9pos\u00e9s<\/strong><\/p>\n<p>Evaluation \u00a0des politiques publiques<\/p>\n<p><a href=\"http:\/\/www.vd.ch\/fileadmin\/user_upload\/organisation\/gc\/fichiers_pdf\/11_POS_302_Obj_et_d%C3%A9v.PDF\">Texte de mon postulat<\/a><\/p>\n<p>Mesures compensatoires \u00e0 la hausse des imp\u00f4ts subies par les familles monoparentales d\u00e8s 2011<\/p>\n<p><a href=\"http:\/\/www.vd.ch\/fileadmin\/user_upload\/organisation\/gc\/fichiers_pdf\/11_POS_263_Obj_et_d%C3%A9v.PDF\">Texte du postulat<\/a><\/p>\n<p>Contribution au postulat Philippe Randin au sujet des conditions de travail des accueillantes en milieu familial<br \/>\n(\u00e0 l&rsquo;\u00e9poque secr\u00e9taire g\u00e9n\u00e9rale adjointe de la FAJE)<\/p>\n<p><a href=\"http:\/\/www.vd.ch\/fileadmin\/user_upload\/organisation\/gc\/fichiers_pdf\/11_POS_287_Objet_et_d%C3%A9v.pdf\">Texte du postulat<\/a><\/p>\n","protected":false},"excerpt":{"rendered":"<p>Textes d\u00e9pos\u00e9s Evaluation \u00a0des politiques publiques Texte de mon postulat Mesures compensatoires \u00e0 la hausse des imp\u00f4ts subies par les familles monoparentales d\u00e8s 2011 Texte du postulat Contribution au postulat Philippe Randin au sujet des conditions de travail des accueillantes en milieu familial (\u00e0 l&rsquo;\u00e9poque secr\u00e9taire g\u00e9n\u00e9rale adjointe de la FAJE) Texte du postulat<\/p>\n","protected":false},"author":1,"featured_media":0,"comment_status":"open","ping_status":"closed","sticky":false,"template":"","format":"standard","meta":[],"categories":[1],"tags":[],"_links":{"self":[{"href":"https:\/\/www.sylvie-progin.ch\/index.php?rest_route=\/wp\/v2\/posts\/354"}],"collection":[{"href":"https:\/\/www.sylvie-progin.ch\/index.php?rest_route=\/wp\/v2\/posts"}],"about":[{"href":"https:\/\/www.sylvie-progin.ch\/index.php?rest_route=\/wp\/v2\/types\/post"}],"author":[{"embeddable":true,"href":"https:\/\/www.sylvie-progin.ch\/index.php?rest_route=\/wp\/v2\/users\/1"}],"replies":[{"embeddable":true,"href":"https:\/\/www.sylvie-progin.ch\/index.php?rest_route=%2Fwp%2Fv2%2Fcomments&post=354"}],"version-history":[{"count":2,"href":"https:\/\/www.sylvie-progin.ch\/index.php?rest_route=\/wp\/v2\/posts\/354\/revisions"}],"predecessor-version":[{"id":358,"href":"https:\/\/www.sylvie-progin.ch\/index.php?rest_route=\/wp\/v2\/posts\/354\/revisions\/358"}],"wp:attachment":[{"href":"https:\/\/www.sylvie-progin.ch\/index.php?rest_route=%2Fwp%2Fv2%2Fmedia&parent=354"}],"wp:term":[{"taxonomy":"category","embeddable":true,"href":"https:\/\/www.sylvie-progin.ch\/index.php?rest_route=%2Fwp%2Fv2%2Fcategories&post=354"},{"taxonomy":"post_tag","embeddable":true,"href":"https:\/\/www.sylvie-progin.ch\/index.php?rest_route=%2Fwp%2Fv2%2Ftags&post=354"}],"curies":[{"name":"wp","href":"https:\/\/api.w.org\/{rel}","templated":true}]}}