{"id":416,"date":"2017-04-07T11:32:11","date_gmt":"2017-04-07T11:32:11","guid":{"rendered":"http:\/\/www.sylvie-progin.ch\/?p=416"},"modified":"2018-07-12T12:08:32","modified_gmt":"2018-07-12T12:08:32","slug":"table-ronde-sur-le-capital-culturel","status":"publish","type":"post","link":"https:\/\/www.sylvie-progin.ch\/?p=416","title":{"rendered":"Table ronde sur le capital culturel"},"content":{"rendered":"<p>Hier s&rsquo;est tenue la table ronde sur la culture dans le Nord vaudois.<\/p>\n<p>Les interventions ont \u00e9t\u00e9 riches, tant du c\u00f4t\u00e9 des acteurs culturels de notre r\u00e9gion, que des candidats au Grand Conseil.<\/p>\n<p>Ce qu&rsquo;il faut en retenir ? Que les attentes sont encore nombreuses et que la culture est indispensable au bien vivre ensemble. C&rsquo;est en tout cas une des th\u00e9matiques que je compte porter si je suis \u00e9lue.<\/p>\n","protected":false},"excerpt":{"rendered":"<p>Hier s&rsquo;est tenue la table ronde sur la culture dans le Nord vaudois. Les interventions ont \u00e9t\u00e9 riches, tant du c\u00f4t\u00e9 des acteurs culturels de notre r\u00e9gion, que des candidats au Grand Conseil. Ce qu&rsquo;il faut en retenir ? Que les attentes sont encore nombreuses et que la culture est indispensable au bien vivre ensemble. [&hellip;]<\/p>\n","protected":false},"author":1,"featured_media":418,"comment_status":"open","ping_status":"closed","sticky":false,"template":"","format":"standard","meta":[],"categories":[1],"tags":[],"_links":{"self":[{"href":"https:\/\/www.sylvie-progin.ch\/index.php?rest_route=\/wp\/v2\/posts\/416"}],"collection":[{"href":"https:\/\/www.sylvie-progin.ch\/index.php?rest_route=\/wp\/v2\/posts"}],"about":[{"href":"https:\/\/www.sylvie-progin.ch\/index.php?rest_route=\/wp\/v2\/types\/post"}],"author":[{"embeddable":true,"href":"https:\/\/www.sylvie-progin.ch\/index.php?rest_route=\/wp\/v2\/users\/1"}],"replies":[{"embeddable":true,"href":"https:\/\/www.sylvie-progin.ch\/index.php?rest_route=%2Fwp%2Fv2%2Fcomments&post=416"}],"version-history":[{"count":1,"href":"https:\/\/www.sylvie-progin.ch\/index.php?rest_route=\/wp\/v2\/posts\/416\/revisions"}],"predecessor-version":[{"id":417,"href":"https:\/\/www.sylvie-progin.ch\/index.php?rest_route=\/wp\/v2\/posts\/416\/revisions\/417"}],"wp:featuredmedia":[{"embeddable":true,"href":"https:\/\/www.sylvie-progin.ch\/index.php?rest_route=\/wp\/v2\/media\/418"}],"wp:attachment":[{"href":"https:\/\/www.sylvie-progin.ch\/index.php?rest_route=%2Fwp%2Fv2%2Fmedia&parent=416"}],"wp:term":[{"taxonomy":"category","embeddable":true,"href":"https:\/\/www.sylvie-progin.ch\/index.php?rest_route=%2Fwp%2Fv2%2Fcategories&post=416"},{"taxonomy":"post_tag","embeddable":true,"href":"https:\/\/www.sylvie-progin.ch\/index.php?rest_route=%2Fwp%2Fv2%2Ftags&post=416"}],"curies":[{"name":"wp","href":"https:\/\/api.w.org\/{rel}","templated":true}]}}