{"id":679,"date":"2018-11-12T14:19:46","date_gmt":"2018-11-12T14:19:46","guid":{"rendered":"http:\/\/www.sylvie-progin.ch\/?p=679"},"modified":"2019-02-04T13:39:37","modified_gmt":"2019-02-04T13:39:37","slug":"ludc-fait-feu-de-tout-bois","status":"publish","type":"post","link":"https:\/\/www.sylvie-progin.ch\/?p=679","title":{"rendered":"L\u2019UDC fait feu de tout bois"},"content":{"rendered":"<p><span style=\"font-family: Arial;\">L\u2019UDC ne supporte plus que ses initiatives, accept\u00e9es par le peuple, soient mises en \u0153uvre en tenant compte des trait\u00e9s internationaux que la Suisse a sign\u00e9s, comme par exemple l\u2019accord sur la libre circulation des personnes conclu avec l\u2019Union europ\u00e9enne.<br \/>\nAlors, elle nous concocte une nouvelle initiative qui obligerait le parlement \u00e0 mettre rigoureusement ses textes en application. Sauf qu\u2019avec cette modification de la hi\u00e9rarchie du droit, elle tire sur des mouches avec un canon : l\u2019objectif vis\u00e9 est essentiellement une application stricte de la votation sur l\u2019immigration de masse et de celle sur le renvoi des criminels \u00e9trangers, mais le boulet ferait d\u2019\u00e9normes d\u00e9g\u00e2ts dans quantit\u00e9 des 5&rsquo;000 autres trait\u00e9s et accords que la Suisse a sign\u00e9s avec d\u2019autres Etats, et particuli\u00e8rement la Convention europ\u00e9enne des droits de l\u2019homme.<br \/>\nActuellement notre parlement dispose de la marge de man\u0153uvre n\u00e9cessaire dans l\u2019adoption des lois pour faire concilier les engagements internationaux avec les votations populaires. Et c\u2019est ce pragmatisme qui fait que la Suisse peut jouer son r\u00f4le au milieu de l\u2019Europe. Si cette initiative est accept\u00e9e, notre pays passerait dans le cercle des pays qui pensent qu\u2019ils seront \u00e9pargn\u00e9s par les probl\u00e8mes s\u2019ils s\u2019enferment dans leur tour d\u2019ivoire. Et qu\u2019en sera-t-il de notre cr\u00e9dibilit\u00e9 sur la sc\u00e8ne internationale ?<br \/>\nMais il y a encore autre chose qui m\u2019interpelle : le 31 ao\u00fbt de cette ann\u00e9e, l\u2019UDC a d\u00e9pos\u00e9 encore une autre initiative dont les objectifs sont cette fois de supprimer le droit l\u00e9gal \u00e0 la libre circulation des personnes et de ren\u00e9gocier, voire r\u00e9silier l\u2019accord de libre circulation conclu avec l\u2019UE.<br \/>\nJe dirais donc que l\u2019UDC fait feu de tout bois pour parvenir \u00e0 ses fins : car il est \u00e9vident que, si l\u2019initiative sur l\u2019autod\u00e9termination est accept\u00e9e, il n\u2019y aura plus aucun obstacle \u00e0 la mise en application de tous ses textes anti-immigration, anti-\u00e9trangers, et bient\u00f4t anti-minorit\u00e9s ?<\/span><\/p>\n","protected":false},"excerpt":{"rendered":"<p>L\u2019UDC ne supporte plus que ses initiatives, accept\u00e9es par le peuple, soient mises en \u0153uvre en tenant compte des trait\u00e9s internationaux que la Suisse a sign\u00e9s, comme par exemple l\u2019accord sur la libre circulation des personnes conclu avec l\u2019Union europ\u00e9enne. Alors, elle nous concocte une nouvelle initiative qui obligerait le parlement \u00e0 mettre rigoureusement ses [&hellip;]<\/p>\n","protected":false},"author":1,"featured_media":682,"comment_status":"open","ping_status":"closed","sticky":false,"template":"","format":"standard","meta":[],"categories":[1],"tags":[],"_links":{"self":[{"href":"https:\/\/www.sylvie-progin.ch\/index.php?rest_route=\/wp\/v2\/posts\/679"}],"collection":[{"href":"https:\/\/www.sylvie-progin.ch\/index.php?rest_route=\/wp\/v2\/posts"}],"about":[{"href":"https:\/\/www.sylvie-progin.ch\/index.php?rest_route=\/wp\/v2\/types\/post"}],"author":[{"embeddable":true,"href":"https:\/\/www.sylvie-progin.ch\/index.php?rest_route=\/wp\/v2\/users\/1"}],"replies":[{"embeddable":true,"href":"https:\/\/www.sylvie-progin.ch\/index.php?rest_route=%2Fwp%2Fv2%2Fcomments&post=679"}],"version-history":[{"count":1,"href":"https:\/\/www.sylvie-progin.ch\/index.php?rest_route=\/wp\/v2\/posts\/679\/revisions"}],"predecessor-version":[{"id":680,"href":"https:\/\/www.sylvie-progin.ch\/index.php?rest_route=\/wp\/v2\/posts\/679\/revisions\/680"}],"wp:featuredmedia":[{"embeddable":true,"href":"https:\/\/www.sylvie-progin.ch\/index.php?rest_route=\/wp\/v2\/media\/682"}],"wp:attachment":[{"href":"https:\/\/www.sylvie-progin.ch\/index.php?rest_route=%2Fwp%2Fv2%2Fmedia&parent=679"}],"wp:term":[{"taxonomy":"category","embeddable":true,"href":"https:\/\/www.sylvie-progin.ch\/index.php?rest_route=%2Fwp%2Fv2%2Fcategories&post=679"},{"taxonomy":"post_tag","embeddable":true,"href":"https:\/\/www.sylvie-progin.ch\/index.php?rest_route=%2Fwp%2Fv2%2Ftags&post=679"}],"curies":[{"name":"wp","href":"https:\/\/api.w.org\/{rel}","templated":true}]}}