{"id":727,"date":"2019-03-12T13:39:21","date_gmt":"2019-03-12T13:39:21","guid":{"rendered":"http:\/\/www.sylvie-progin.ch\/?p=727"},"modified":"2019-03-12T13:41:23","modified_gmt":"2019-03-12T13:41:23","slug":"le-web-a-30-ans","status":"publish","type":"post","link":"https:\/\/www.sylvie-progin.ch\/?p=727","title":{"rendered":"Le Web a 30 ans"},"content":{"rendered":"\n<p>\n\nAujourd\u2019hui nous f\u00eatons le 30\u00e8me anniversaire du web, et le web a compl\u00e8tement chang\u00e9 notre vie. Que ce soit pour s\u2019informer, pour faire des achats ou ses devoirs, pour discuter, \u00e9changer ou pour regarder des vid\u00e9os de b\u00e9b\u00e9s pandas&nbsp;\ud83d\ude09&nbsp;, on ne peut plus s\u2019en passer. M\u00eame mon m\u00e9decin l\u2019autre jour m\u2019a conseill\u00e9 de chercher sur internet une video d\u2019exercices pour soigner ma tendinite du coude !<br>Nous sommes dans l\u2019\u00e2ge de la connexion et l\u2019information instantan\u00e9e. Mais\u2026<br>Mais contrairement \u00e0 ce que nous avions imagin\u00e9 \u00e0 l\u2019\u00e9poque, le monde n\u2019est pas devenu plus id\u00e9al, plus d\u00e9mocratique, plus inform\u00e9. Car nous sommes d\u00e9sormais compl\u00e8tement prisonniers de la toile, et de notre plein gr\u00e9. Fake news, usage abusif de nos donn\u00e9es personnelles, manipulation de l\u2019opinion publique, phishing : nos libert\u00e9s individuelles sont bien plus menac\u00e9es qu\u2019il y a 30 ans.<br>A ce sujet, notre Conseil f\u00e9d\u00e9ral a red\u00e9fini en septembre dernier sa strat\u00e9gie de la Suisse num\u00e9rique. Esp\u00e9rons que cette vision plut\u00f4t optimiste de l\u2019avenir ne soit pas engloutie par la globalisation des donn\u00e9es et le pouvoir des GAFAM.\n\n<\/p>\n","protected":false},"excerpt":{"rendered":"<p>Aujourd\u2019hui nous f\u00eatons le 30\u00e8me anniversaire du web, et le web a compl\u00e8tement chang\u00e9 notre vie. Que ce soit pour s\u2019informer, pour faire des achats ou ses devoirs, pour discuter, \u00e9changer ou pour regarder des vid\u00e9os de b\u00e9b\u00e9s pandas&nbsp;\ud83d\ude09&nbsp;, on ne peut plus s\u2019en passer. M\u00eame mon m\u00e9decin l\u2019autre jour m\u2019a conseill\u00e9 de chercher sur [&hellip;]<\/p>\n","protected":false},"author":1,"featured_media":0,"comment_status":"open","ping_status":"closed","sticky":false,"template":"","format":"standard","meta":[],"categories":[1],"tags":[],"_links":{"self":[{"href":"https:\/\/www.sylvie-progin.ch\/index.php?rest_route=\/wp\/v2\/posts\/727"}],"collection":[{"href":"https:\/\/www.sylvie-progin.ch\/index.php?rest_route=\/wp\/v2\/posts"}],"about":[{"href":"https:\/\/www.sylvie-progin.ch\/index.php?rest_route=\/wp\/v2\/types\/post"}],"author":[{"embeddable":true,"href":"https:\/\/www.sylvie-progin.ch\/index.php?rest_route=\/wp\/v2\/users\/1"}],"replies":[{"embeddable":true,"href":"https:\/\/www.sylvie-progin.ch\/index.php?rest_route=%2Fwp%2Fv2%2Fcomments&post=727"}],"version-history":[{"count":3,"href":"https:\/\/www.sylvie-progin.ch\/index.php?rest_route=\/wp\/v2\/posts\/727\/revisions"}],"predecessor-version":[{"id":730,"href":"https:\/\/www.sylvie-progin.ch\/index.php?rest_route=\/wp\/v2\/posts\/727\/revisions\/730"}],"wp:attachment":[{"href":"https:\/\/www.sylvie-progin.ch\/index.php?rest_route=%2Fwp%2Fv2%2Fmedia&parent=727"}],"wp:term":[{"taxonomy":"category","embeddable":true,"href":"https:\/\/www.sylvie-progin.ch\/index.php?rest_route=%2Fwp%2Fv2%2Fcategories&post=727"},{"taxonomy":"post_tag","embeddable":true,"href":"https:\/\/www.sylvie-progin.ch\/index.php?rest_route=%2Fwp%2Fv2%2Ftags&post=727"}],"curies":[{"name":"wp","href":"https:\/\/api.w.org\/{rel}","templated":true}]}}