{"id":732,"date":"2019-03-25T15:28:46","date_gmt":"2019-03-25T15:28:46","guid":{"rendered":"http:\/\/www.sylvie-progin.ch\/?p=732"},"modified":"2019-03-27T15:30:22","modified_gmt":"2019-03-27T15:30:22","slug":"urgence-climatique","status":"publish","type":"post","link":"https:\/\/www.sylvie-progin.ch\/?p=732","title":{"rendered":"Urgence climatique"},"content":{"rendered":"\n<p>Je suis socialiste. En premier lieu.<br>\nEt oui, je suis tr\u00e8s inqui\u00e8te pour notre ecosyst\u00e8me mondial, complexe et interd\u00e9pendant. Gr\u00e2ce notamment aux jeunes qui ont manifest\u00e9 dans les rues de nos villes, l\u2019urgence climatique est d\u00e9clar\u00e9e, tant mieux, c\u2019\u00e9tait le moment !<br>\nMais pour autant n\u2019oublions pas nos valeurs socialistes : les politiques de protection de l\u2019environnement ne doivent pas se mettre en place au d\u00e9triment des classes sociales moins ais\u00e9es. Chacun doit pouvoir faire face aux changements n\u00e9cessaires selon ses moyens, et pour cela, des mesures d\u2019accompagnement et de justices sociales sont indispensables. Il s\u2019agit notamment de garantir un acc\u00e8s juste et \u00e9quitable aux biens et aux services, tels que l\u2019\u00e9nergie ou la mobilit\u00e9, mais aussi aux produits de base, car nous consommons en fonction de notre revenu. Et le combat climatique ne doit pas aboutir \u00e0 augmenter encore un peu plus l\u2019\u00e9cart entre les personnes les moins ais\u00e9es et celles pour qui la hausse des prix n\u2019est pas un probl\u00e8me.<\/p>\n","protected":false},"excerpt":{"rendered":"<p>Je suis socialiste. En premier lieu. Et oui, je suis tr\u00e8s inqui\u00e8te pour notre ecosyst\u00e8me mondial, complexe et interd\u00e9pendant. Gr\u00e2ce notamment aux jeunes qui ont manifest\u00e9 dans les rues de nos villes, l\u2019urgence climatique est d\u00e9clar\u00e9e, tant mieux, c\u2019\u00e9tait le moment ! Mais pour autant n\u2019oublions pas nos valeurs socialistes : les politiques de protection [&hellip;]<\/p>\n","protected":false},"author":1,"featured_media":0,"comment_status":"open","ping_status":"closed","sticky":false,"template":"","format":"standard","meta":[],"categories":[26],"tags":[],"_links":{"self":[{"href":"https:\/\/www.sylvie-progin.ch\/index.php?rest_route=\/wp\/v2\/posts\/732"}],"collection":[{"href":"https:\/\/www.sylvie-progin.ch\/index.php?rest_route=\/wp\/v2\/posts"}],"about":[{"href":"https:\/\/www.sylvie-progin.ch\/index.php?rest_route=\/wp\/v2\/types\/post"}],"author":[{"embeddable":true,"href":"https:\/\/www.sylvie-progin.ch\/index.php?rest_route=\/wp\/v2\/users\/1"}],"replies":[{"embeddable":true,"href":"https:\/\/www.sylvie-progin.ch\/index.php?rest_route=%2Fwp%2Fv2%2Fcomments&post=732"}],"version-history":[{"count":1,"href":"https:\/\/www.sylvie-progin.ch\/index.php?rest_route=\/wp\/v2\/posts\/732\/revisions"}],"predecessor-version":[{"id":733,"href":"https:\/\/www.sylvie-progin.ch\/index.php?rest_route=\/wp\/v2\/posts\/732\/revisions\/733"}],"wp:attachment":[{"href":"https:\/\/www.sylvie-progin.ch\/index.php?rest_route=%2Fwp%2Fv2%2Fmedia&parent=732"}],"wp:term":[{"taxonomy":"category","embeddable":true,"href":"https:\/\/www.sylvie-progin.ch\/index.php?rest_route=%2Fwp%2Fv2%2Fcategories&post=732"},{"taxonomy":"post_tag","embeddable":true,"href":"https:\/\/www.sylvie-progin.ch\/index.php?rest_route=%2Fwp%2Fv2%2Ftags&post=732"}],"curies":[{"name":"wp","href":"https:\/\/api.w.org\/{rel}","templated":true}]}}